{"id":21,"date":"2014-10-26T12:52:19","date_gmt":"2014-10-26T11:52:19","guid":{"rendered":"http:\/\/pbe.uw.edu.pl\/?p=21"},"modified":"2018-09-27T02:46:54","modified_gmt":"2018-09-27T00:46:54","slug":"international-conference-on-eyetracking-and-applied-linguistics-iceal-warsaw-2014","status":"publish","type":"post","link":"http:\/\/pbe.uw.edu.pl\/pl\/2014\/10\/26\/international-conference-on-eyetracking-and-applied-linguistics-iceal-warsaw-2014\/","title":{"rendered":"Mi\u0119dzynarodowa Konferencja Eyetrackingowa (ICEAL &#8211; 2014)"},"content":{"rendered":"<header class=\"entry-header\">\n<h1 class=\"entry-title\" style=\"text-align: center\"><img loading=\"lazy\" decoding=\"async\" class=\"\" style=\"font-size: 16px;line-height: 1.5\" src=\"http:\/\/www.lelo.uw.edu.pl\/image\/image_gallery?uuid=144c7416-61d3-41a5-af81-7afc422b71e7&amp;groupId=7269752&amp;t=1412717234905\" alt=\"\" width=\"300\" height=\"115\" \/><\/h1>\n<\/header>\n<div class=\"entry-content\">\n<div class=\"portlet-borderless-container\">\n<div class=\"portlet-body\">\n<div id=\"article_10132_7269752_12265934_3.3\" class=\"journal-content-article\">\n<p style=\"text-align: center\" align=\"center\"><strong>\u201eCan these eyes lie?\u201d<\/strong><\/p>\n<p align=\"center\"><strong>Sprawozdanie z Mi\u0119dzynarodowej Konferencji Eyetrackingowej<\/strong><\/p>\n<p style=\"text-align: justify\">Jak patrzymy, gdzie patrzymy i dlaczego? &#8211;\u00a0 na te i inne pytania pr\u00f3bowali odpowiedzie\u0107 uczestnicy Mi\u0119dzynarodowej Konferencji Eyetrackingowej pt. \u201e<em>Can these eyes lie?&#8221;<\/em>, kt\u00f3ra odby\u0142a si\u0119\u00a0 w dniach 26-27 wrze\u015bnia 2014 r., w gmachu budynku Wydzia\u0142u Lingwistyki Stosowanej Uniwersytetu Warszawskiego przy ulicy Dobrej 55. Organizatorem Konferencji by\u0142 Instytut Kulturologii i Lingwistyki Antropocentrycznej (obecnie: Instytut Komunikacji Specjalistycznej i Interkulturowej) przy wsp\u00f3\u0142pracy z Uniwersytetem Jana Gutenberga w Moguncji oraz firma NeuroDevice. W czasie dw\u00f3ch dni konferencji wyg\u0142oszonych zosta\u0142o ok. 30 referat\u00f3w po\u015bwi\u0119conych zastosowaniu eyetrackingu w lingwistyce. W Konferencji wzi\u0119\u0142o udzia\u0142 ok. 50 najbardziej znanych naukowc\u00f3w, zajmuj\u0105cych si\u0119 eyetrackingiem w lingwistyce, z krajowych i \u015bwiatowych o\u015brodk\u00f3w badawczych.<\/p>\n<p style=\"text-align: justify\">Konferencj\u0119 otworzyli: prof. Sambor Grucza oraz prof. Silvia Hansen-Schirra, za\u015b wyk\u0142ad rozpoczynaj\u0105cy pt. <em>Looking at translators&#8217; eyes\u00a0<\/em>wyg\u0142osi\u0142 \u015bwiatowej s\u0142awy specjalista z dziedziny translatoryki prof. Arnt Lykke Jakobsen.<\/p>\n<p style=\"text-align: justify\">Pierwszego dnia, w trakcie dw\u00f3ch sesji (ka\u017cda z sesji by\u0142a podzielona na dwie sekcje tematyczne) odby\u0142o si\u0119 16 wyst\u0105pie\u0144. Pierwsza sesja dotyczy\u0142a u\u017cyteczno\u015bci stron internetowych oraz s\u0142ownik\u00f3w:<\/p>\n<p style=\"text-align: justify\">-Sascha Wolfer &amp; Carolin M\u00fcller-Spitzer \u2013 <em>Evaluation of a New Web Design for the Dictionary Portal OWD<\/em>;<\/p>\n<p style=\"text-align: justify\">-Christoph R\u00f6sener \u2013 <em>Eyetracking and Beyond \u2013 The Do&#8217;s and Don&#8217;t of Creating a Contemporary Usability Lab<\/em>;<\/p>\n<p style=\"text-align: justify\">-Shaimaa Marzouk \u2013 <em>Web Usability from a Linguistic and Formal Perspective: Applied on the Example pf Academic Websites<\/em>;<\/p>\n<p style=\"text-align: justify\">-Robert Lew \u2013 <em>Eyetracking in Dictionary User Research<\/em>),<\/p>\n<p style=\"text-align: justify\">a tak\u017ce zastosowaniu eyetrackingu w t\u0142umaczeniu:<\/p>\n<p style=\"text-align: justify\">-Bogus\u0142awa Whyatt, Marta Kajzer-Wietrzny &amp; Katarzyna Stachowiak \u2013 <em>A Comparative Analysis of Reading Patterns in Interlingual and Intralingual Translation: An Eyetracking Study<\/em>;<\/p>\n<p style=\"text-align: justify\">-Michael Carl &amp; Moritz Schaeffer \u2013 <em>Literal Translations and Cognitive Effort<\/em>;<\/p>\n<p style=\"text-align: justify\">-Maureen Ehrensberger-Dow, Peter Jud &amp; Gary Massey \u2013 <em>The Cognitive Ergonomics of Translation: Indicators from Eyetracking Data<\/em>;<\/p>\n<p style=\"text-align: justify\">-Arndt Heilmann &amp; Tatiana Serbina \u2013 <em>Grammatical Complexity and its Effect on Cognitive Processing in Translation<\/em>.<\/p>\n<p style=\"text-align: justify\">Z kolei druga sesja zosta\u0142a po\u015bwi\u0119cona t\u0142umaczeniom ustnym:<\/p>\n<p style=\"text-align: justify\">-Kilian G. Seeber \u2013 <em>Attentional Shifts during Simultaneous Interpreting<\/em>;<\/p>\n<p style=\"text-align: justify\">-Sabine Seubert \u2013 <em>Cognitive Load, Visual Over-load<\/em>;<\/p>\n<p style=\"text-align: justify\">-Pawe\u0142 Korpal &amp; Katarzyna Stachowiak \u2013 <em>How do Simultaneous Interpreters Cope with Numbers in the Fast Speech Condition? An Eyetracking Study<\/em>;<\/p>\n<p style=\"text-align: justify\">-Anne Catherine Gieshoff \u2013 <em>Visual Input and Mental Effort in Simultaneous Interpreting<\/em><\/p>\n<p style=\"text-align: justify\">oraz akwizycji j\u0119zykowej:<\/p>\n<p style=\"text-align: justify\">-Natalia Ilin, Sascha Wolfer, Lars Konieczny &amp; Bernd Kortmann \u2013 <em>Perception of Learner Errors and Nonstandars Features in Native and Non-native Language<\/em>;<\/p>\n<p style=\"text-align: justify\">-Ewa Tomczak \u2013 <em>Does Figurative Language make you Look at the World Differently? \u2013 Processing of Fictive Motion Sentences in Polish-English Bilinguals<\/em>;<\/p>\n<p style=\"text-align: justify\">-Katarzyna Kosmowska, Agata Rodziewicz, Justyna Iwa\u0144ska, Agnieszka Gajos, Izabela Krejtz &amp; Krzysztof Krejtz \u2013 <em>Comparison of Eye Movements during Text and Music<\/em>;<\/p>\n<p style=\"text-align: justify\">-Alper Kumcu \u2013 <em>Integrating Auditory and Visual Language: An Eyetracking Study on Multimodal Language Processing<\/em>).<\/p>\n<p style=\"text-align: justify\">Podsumowaniem pierwszego dnia obrad by\u0142a prezentacja pt. \u201e<em>PopSci<\/em><em>: A\u00a0reading corpus\u00a0of\u00a0popular science\u00a0texts&#8221;<\/em>po\u015bwi\u0119cona badaniu nad korpusem tekst\u00f3w czytanych (<em>reading corpus<\/em>), kt\u00f3r\u0105 w imieniu zespo\u0142u projektowego (Sascha Wolfer, Daniel M\u00fcller-Feldmeth, Lars Konieczny, Uli Held, Karin Maksymski, Silvia Hansen-Schirra, Sandra Hansen, Peter Auer) i w zast\u0119pstwie Larsa Koniecznego przedstawi\u0142 Sascha Wolfer.<\/p>\n<p style=\"text-align: justify\">Podczas drugiego dnia konferencji r\u00f3wnie\u017c odby\u0142o si\u0119 16 wyst\u0105pie\u0144. Uczestnicy pierwszej sesji skupili si\u0119 na t\u0142umaczeniu audiowizualnym:<\/p>\n<p style=\"text-align: justify\">-Agnieszka Szarkowska &amp; Izabela Krejtz \u2013 <em>Age-related Differences in Reading Subtitles: An Eyetracking Study<\/em>;<\/p>\n<p style=\"text-align: justify\">-David Orrego-Carmona \u2013 <em>Different Audiences, Different Behaviors: On the Reception of Subtitles by Users with Different Levels of 12<\/em>;<\/p>\n<p style=\"text-align: justify\">-Minako O&#8217;Hagan &amp; Ryoko Sasamoto \u2013 <em>Crazy Japanese Subtitles \u2013 Shedding Light on the Impact of Impat Captions<\/em>;<\/p>\n<p style=\"text-align: justify\">-Juha L\u00e5ng \u2013 <em>Comparison between People from a Dubbing vs. a Subtitling Country in the Comprehension of a Television Documentary<\/em>;<\/p>\n<p style=\"text-align: justify\">-Wendy Fox \u2013 <em>Reception, Information Flow and Aesthetics: Integrated Titles and other Possible Improvements<\/em><\/p>\n<p style=\"text-align: justify\">oraz r\u00f3\u017cnorakim aspektom zastosowania eyetrackingu w translatoryce:<\/p>\n<p style=\"text-align: justify\">-Igor Antonio Louren\u00e7o da Silva &amp; Adriana Silvina Pagano &amp; Fabio Alves \u2013 <em>Mapping Gaze onto Representations of Text Rhetorical Structure<\/em>;<\/p>\n<p style=\"text-align: justify\">-Jin Huang &amp; Akshay Minocha \u2013 <em>A Comparison of the Process and the Product of Translation Self-revision and Other-revision<\/em>;<\/p>\n<p style=\"text-align: justify\">-Silke Gutermuth \u2013 <em>Lost in Sign Language Interpretation \u2013 An Eyetracking Study on the Visual Attention of Hearing Impaired Recipients<\/em>;<\/p>\n<p style=\"text-align: justify\">-Annegret Sturm \u2013 <em>Through Others&#8217; Eyes<\/em>.<\/p>\n<p style=\"text-align: justify\">W czasie trwania drugiej sesji zaprezentowano wyniki bada\u0144 po\u015bwi\u0119conych t\u0142umaczeniu maszynowemu:<\/p>\n<p style=\"text-align: justify\">-Fabio Alves et al. \u2013 <em>Investigating Cognitive Effort in Post-Editng: A Relevance-Theoretic Approach<\/em>;<\/p>\n<p style=\"text-align: justify\">-Moritz Schaeffer, Michael Carl, Mercedes Garc\u00eda Mart\u00ednez &amp; Bartolom\u00e9 Mesa-Lao \u2013 <em>Tracking Post-Editing Performance with CASMACAT 3.0;<\/em><\/p>\n<p style=\"text-align: justify\">-Jean Nitzke \u2013 <em>Human Translation vs. (Post-) Editing: A look At Conscious Problem-solving Startegies (Internet Research<\/em>)<\/p>\n<p style=\"text-align: justify\">oraz tekstom czytanym:<\/p>\n<p style=\"text-align: justify\">-Sascha Wolfer, Sandra Hanses-Morath &amp; Lars Konieczny \u2013 <em>Investigating the Impact of Nominalisations on the Reading Process: A Case Study Using the Freiburg Legalese Reading Corpus<\/em>;<\/p>\n<p style=\"text-align: justify\">-Dominika Mawduk, Izabela Krejtz &amp; Krzysztof Krejtz \u2013 <em>How do the Polish Dyslexic Children read? Eyetracking Study of Reading Styles among 10-15 Year-old Children with and without Dyslexia<\/em>;<\/p>\n<p style=\"text-align: justify\">-Daniel M\u00fcller-Feldmeth, Uli Held, Sascha Wolfer &amp; Lars Konieczny \u2013 <em>Influence of Discourse Functions on Reading Comprehension: Evidence from a German Reading Corpus of Popular Science Texts<\/em>;<\/p>\n<p style=\"text-align: justify\">-Karin Maksymski, Silke Gutermuth &amp; Silvia Hansen-Schirra \u2013 <em>Reading Popular Science: The Influence of Text Image Coherence on Reading Behaviour<\/em>.<\/p>\n<p style=\"text-align: justify\">Przedstawione podczas konferencji wyniki bada\u0144 pokazuj\u0105, i\u017c eyetracking ma coraz wi\u0119ksze znaczenie dla bada\u0144 lingwistycznych i translatorycznych, a jako coraz pot\u0119\u017cniejsze i pr\u0119\u017cnie rozwijaj\u0105ce si\u0119 narz\u0119dzie badawcze stanowi znakomite wsparcie i uzupe\u0142nienie tych\u017ce bada\u0144.<\/p>\n<p style=\"text-align: center\">Galeria zdj\u0119\u0107:<\/p>\n\n\t\t<style>\n\t\t\t#gallery-2 {\n\t\t\t\tmargin: auto;\n\t\t\t}\n\t\t\t#gallery-2 .gallery-item {\n\t\t\t\tfloat: left;\n\t\t\t\tmargin-top: 10px;\n\t\t\t\ttext-align: center;\n\t\t\t\twidth: 33%;\n\t\t\t}\n\t\t\t#gallery-2 img {\n\t\t\t\tborder: 2px solid #cfcfcf;\n\t\t\t}\n\t\t\t#gallery-2 .gallery-caption {\n\t\t\t\tmargin-left: 0;\n\t\t\t}\n\t\t\t\/* see gallery_shortcode() in wp-includes\/media.php *\/\n\t\t<\/style>\n\t\t<div id='gallery-2' class='gallery galleryid-21 gallery-columns-3 gallery-size-thumbnail'><dl class='gallery-item'>\n\t\t\t<dt class='gallery-icon landscape'>\n\t\t\t\t<a href='http:\/\/pbe.strony.uw.edu.pl\/wp-content\/uploads\/sites\/336\/2014\/10\/ICEAL-2014-01.jpeg'><img loading=\"lazy\" decoding=\"async\" width=\"150\" height=\"150\" src=\"http:\/\/pbe.strony.uw.edu.pl\/wp-content\/uploads\/sites\/336\/2014\/10\/ICEAL-2014-01-150x150.jpeg\" class=\"attachment-thumbnail size-thumbnail\" alt=\"\" \/><\/a>\n\t\t\t<\/dt><\/dl><dl class='gallery-item'>\n\t\t\t<dt class='gallery-icon landscape'>\n\t\t\t\t<a href='http:\/\/pbe.strony.uw.edu.pl\/wp-content\/uploads\/sites\/336\/2014\/10\/ICEAL-2014-02.jpeg'><img loading=\"lazy\" decoding=\"async\" width=\"150\" height=\"150\" src=\"http:\/\/pbe.strony.uw.edu.pl\/wp-content\/uploads\/sites\/336\/2014\/10\/ICEAL-2014-02-150x150.jpeg\" class=\"attachment-thumbnail size-thumbnail\" alt=\"\" \/><\/a>\n\t\t\t<\/dt><\/dl><dl class='gallery-item'>\n\t\t\t<dt class='gallery-icon landscape'>\n\t\t\t\t<a href='http:\/\/pbe.strony.uw.edu.pl\/wp-content\/uploads\/sites\/336\/2014\/10\/ICEAL-2014-03.jpeg'><img loading=\"lazy\" decoding=\"async\" width=\"150\" height=\"150\" src=\"http:\/\/pbe.strony.uw.edu.pl\/wp-content\/uploads\/sites\/336\/2014\/10\/ICEAL-2014-03-150x150.jpeg\" class=\"attachment-thumbnail size-thumbnail\" alt=\"\" \/><\/a>\n\t\t\t<\/dt><\/dl><br style=\"clear: both\" \/><dl class='gallery-item'>\n\t\t\t<dt class='gallery-icon landscape'>\n\t\t\t\t<a href='http:\/\/pbe.strony.uw.edu.pl\/wp-content\/uploads\/sites\/336\/2014\/10\/ICEAL-2014-04.jpeg'><img loading=\"lazy\" decoding=\"async\" width=\"150\" height=\"150\" src=\"http:\/\/pbe.strony.uw.edu.pl\/wp-content\/uploads\/sites\/336\/2014\/10\/ICEAL-2014-04-150x150.jpeg\" class=\"attachment-thumbnail size-thumbnail\" alt=\"\" \/><\/a>\n\t\t\t<\/dt><\/dl><dl class='gallery-item'>\n\t\t\t<dt class='gallery-icon landscape'>\n\t\t\t\t<a href='http:\/\/pbe.strony.uw.edu.pl\/wp-content\/uploads\/sites\/336\/2014\/10\/ICEAL-2014-05.jpeg'><img loading=\"lazy\" decoding=\"async\" width=\"150\" height=\"150\" src=\"http:\/\/pbe.strony.uw.edu.pl\/wp-content\/uploads\/sites\/336\/2014\/10\/ICEAL-2014-05-150x150.jpeg\" class=\"attachment-thumbnail size-thumbnail\" alt=\"\" \/><\/a>\n\t\t\t<\/dt><\/dl><dl class='gallery-item'>\n\t\t\t<dt class='gallery-icon landscape'>\n\t\t\t\t<a href='http:\/\/pbe.strony.uw.edu.pl\/wp-content\/uploads\/sites\/336\/2014\/10\/ICEAL-2014-06.jpeg'><img loading=\"lazy\" decoding=\"async\" width=\"150\" height=\"150\" src=\"http:\/\/pbe.strony.uw.edu.pl\/wp-content\/uploads\/sites\/336\/2014\/10\/ICEAL-2014-06-150x150.jpeg\" class=\"attachment-thumbnail size-thumbnail\" alt=\"\" \/><\/a>\n\t\t\t<\/dt><\/dl><br style=\"clear: both\" \/><dl class='gallery-item'>\n\t\t\t<dt class='gallery-icon landscape'>\n\t\t\t\t<a href='http:\/\/pbe.strony.uw.edu.pl\/wp-content\/uploads\/sites\/336\/2014\/10\/ICEAL-2014-07.jpeg'><img loading=\"lazy\" decoding=\"async\" width=\"150\" height=\"150\" src=\"http:\/\/pbe.strony.uw.edu.pl\/wp-content\/uploads\/sites\/336\/2014\/10\/ICEAL-2014-07-150x150.jpeg\" class=\"attachment-thumbnail size-thumbnail\" alt=\"\" \/><\/a>\n\t\t\t<\/dt><\/dl><dl class='gallery-item'>\n\t\t\t<dt class='gallery-icon landscape'>\n\t\t\t\t<a href='http:\/\/pbe.strony.uw.edu.pl\/wp-content\/uploads\/sites\/336\/2014\/10\/ICEAL-2014-08.jpeg'><img loading=\"lazy\" decoding=\"async\" width=\"150\" height=\"150\" src=\"http:\/\/pbe.strony.uw.edu.pl\/wp-content\/uploads\/sites\/336\/2014\/10\/ICEAL-2014-08-150x150.jpeg\" class=\"attachment-thumbnail size-thumbnail\" alt=\"\" \/><\/a>\n\t\t\t<\/dt><\/dl><dl class='gallery-item'>\n\t\t\t<dt class='gallery-icon landscape'>\n\t\t\t\t<a href='http:\/\/pbe.strony.uw.edu.pl\/wp-content\/uploads\/sites\/336\/2014\/10\/ICEAL-2014-09.jpeg'><img loading=\"lazy\" decoding=\"async\" width=\"150\" height=\"150\" src=\"http:\/\/pbe.strony.uw.edu.pl\/wp-content\/uploads\/sites\/336\/2014\/10\/ICEAL-2014-09-150x150.jpeg\" class=\"attachment-thumbnail size-thumbnail\" alt=\"\" \/><\/a>\n\t\t\t<\/dt><\/dl><br style=\"clear: both\" \/><dl class='gallery-item'>\n\t\t\t<dt class='gallery-icon landscape'>\n\t\t\t\t<a href='http:\/\/pbe.strony.uw.edu.pl\/wp-content\/uploads\/sites\/336\/2014\/10\/ICEAL-2014-10.jpeg'><img loading=\"lazy\" decoding=\"async\" width=\"150\" height=\"150\" src=\"http:\/\/pbe.strony.uw.edu.pl\/wp-content\/uploads\/sites\/336\/2014\/10\/ICEAL-2014-10-150x150.jpeg\" class=\"attachment-thumbnail size-thumbnail\" alt=\"\" \/><\/a>\n\t\t\t<\/dt><\/dl><dl class='gallery-item'>\n\t\t\t<dt class='gallery-icon landscape'>\n\t\t\t\t<a href='http:\/\/pbe.strony.uw.edu.pl\/wp-content\/uploads\/sites\/336\/2014\/10\/ICEAL-2014-11.jpeg'><img loading=\"lazy\" decoding=\"async\" width=\"150\" height=\"150\" src=\"http:\/\/pbe.strony.uw.edu.pl\/wp-content\/uploads\/sites\/336\/2014\/10\/ICEAL-2014-11-150x150.jpeg\" class=\"attachment-thumbnail size-thumbnail\" alt=\"\" \/><\/a>\n\t\t\t<\/dt><\/dl><dl class='gallery-item'>\n\t\t\t<dt class='gallery-icon landscape'>\n\t\t\t\t<a href='http:\/\/pbe.strony.uw.edu.pl\/wp-content\/uploads\/sites\/336\/2014\/10\/ICEAL-2014-12.jpeg'><img loading=\"lazy\" decoding=\"async\" width=\"150\" height=\"150\" src=\"http:\/\/pbe.strony.uw.edu.pl\/wp-content\/uploads\/sites\/336\/2014\/10\/ICEAL-2014-12-150x150.jpeg\" class=\"attachment-thumbnail size-thumbnail\" alt=\"\" \/><\/a>\n\t\t\t<\/dt><\/dl><br style=\"clear: both\" \/><dl class='gallery-item'>\n\t\t\t<dt class='gallery-icon landscape'>\n\t\t\t\t<a href='http:\/\/pbe.strony.uw.edu.pl\/wp-content\/uploads\/sites\/336\/2014\/10\/ICEAL-2014-13.jpeg'><img loading=\"lazy\" decoding=\"async\" width=\"150\" height=\"150\" src=\"http:\/\/pbe.strony.uw.edu.pl\/wp-content\/uploads\/sites\/336\/2014\/10\/ICEAL-2014-13-150x150.jpeg\" class=\"attachment-thumbnail size-thumbnail\" alt=\"\" \/><\/a>\n\t\t\t<\/dt><\/dl><dl class='gallery-item'>\n\t\t\t<dt class='gallery-icon landscape'>\n\t\t\t\t<a href='http:\/\/pbe.strony.uw.edu.pl\/wp-content\/uploads\/sites\/336\/2014\/10\/ICEAL-2014-14.jpeg'><img loading=\"lazy\" decoding=\"async\" width=\"150\" height=\"150\" src=\"http:\/\/pbe.strony.uw.edu.pl\/wp-content\/uploads\/sites\/336\/2014\/10\/ICEAL-2014-14-150x150.jpeg\" class=\"attachment-thumbnail size-thumbnail\" alt=\"\" \/><\/a>\n\t\t\t<\/dt><\/dl><dl class='gallery-item'>\n\t\t\t<dt class='gallery-icon landscape'>\n\t\t\t\t<a href='http:\/\/pbe.strony.uw.edu.pl\/wp-content\/uploads\/sites\/336\/2014\/10\/ICEAL-2014-15.jpeg'><img loading=\"lazy\" decoding=\"async\" width=\"150\" height=\"150\" src=\"http:\/\/pbe.strony.uw.edu.pl\/wp-content\/uploads\/sites\/336\/2014\/10\/ICEAL-2014-15-150x150.jpeg\" class=\"attachment-thumbnail size-thumbnail\" alt=\"\" \/><\/a>\n\t\t\t<\/dt><\/dl><br style=\"clear: both\" \/><dl class='gallery-item'>\n\t\t\t<dt class='gallery-icon landscape'>\n\t\t\t\t<a href='http:\/\/pbe.strony.uw.edu.pl\/wp-content\/uploads\/sites\/336\/2014\/10\/ICEAL-2014-16.jpeg'><img loading=\"lazy\" decoding=\"async\" width=\"150\" height=\"150\" src=\"http:\/\/pbe.strony.uw.edu.pl\/wp-content\/uploads\/sites\/336\/2014\/10\/ICEAL-2014-16-150x150.jpeg\" class=\"attachment-thumbnail size-thumbnail\" alt=\"\" \/><\/a>\n\t\t\t<\/dt><\/dl>\n\t\t\t<br style='clear: both' \/>\n\t\t<\/div>\n\n<\/div>\n<\/div>\n<\/div>\n<\/div>","protected":false},"excerpt":{"rendered":"<p>\u201eCan these eyes lie?\u201d Sprawozdanie z Mi\u0119dzynarodowej Konferencji Eyetrackingowej Jak patrzymy, gdzie patrzymy i dlaczego? &#8211;\u00a0 na te i inne pytania pr\u00f3bowali odpowiedzie\u0107 uczestnicy Mi\u0119dzynarodowej Konferencji Eyetrackingowej pt. \u201eCan these eyes lie?&#8221;, kt\u00f3ra odby\u0142a si\u0119\u00a0 w dniach 26-27 wrze\u015bnia 2014 r., w gmachu budynku Wydzia\u0142u Lingwistyki Stosowanej Uniwersytetu Warszawskiego przy ulicy Dobrej 55. Organizatorem Konferencji\u2026 <span class=\"read-more\"><a href=\"http:\/\/pbe.uw.edu.pl\/pl\/2014\/10\/26\/international-conference-on-eyetracking-and-applied-linguistics-iceal-warsaw-2014\/\">Read More: Mi\u0119dzynarodowa Konferencja Eyetrackingowa (ICEAL &#8211; 2014) &raquo;<\/a><\/span><\/p>\n","protected":false},"author":872,"featured_media":0,"comment_status":"closed","ping_status":"open","sticky":false,"template":"","format":"standard","meta":{"footnotes":"","_links_to":"","_links_to_target":""},"categories":[2],"tags":[],"class_list":["post-21","post","type-post","status-publish","format-standard","hentry","category-events"],"acf":[],"_links":{"self":[{"href":"http:\/\/pbe.uw.edu.pl\/pl\/wp-json\/wp\/v2\/posts\/21","targetHints":{"allow":["GET"]}}],"collection":[{"href":"http:\/\/pbe.uw.edu.pl\/pl\/wp-json\/wp\/v2\/posts"}],"about":[{"href":"http:\/\/pbe.uw.edu.pl\/pl\/wp-json\/wp\/v2\/types\/post"}],"author":[{"embeddable":true,"href":"http:\/\/pbe.uw.edu.pl\/pl\/wp-json\/wp\/v2\/users\/872"}],"replies":[{"embeddable":true,"href":"http:\/\/pbe.uw.edu.pl\/pl\/wp-json\/wp\/v2\/comments?post=21"}],"version-history":[{"count":8,"href":"http:\/\/pbe.uw.edu.pl\/pl\/wp-json\/wp\/v2\/posts\/21\/revisions"}],"predecessor-version":[{"id":430,"href":"http:\/\/pbe.uw.edu.pl\/pl\/wp-json\/wp\/v2\/posts\/21\/revisions\/430"}],"wp:attachment":[{"href":"http:\/\/pbe.uw.edu.pl\/pl\/wp-json\/wp\/v2\/media?parent=21"}],"wp:term":[{"taxonomy":"category","embeddable":true,"href":"http:\/\/pbe.uw.edu.pl\/pl\/wp-json\/wp\/v2\/categories?post=21"},{"taxonomy":"post_tag","embeddable":true,"href":"http:\/\/pbe.uw.edu.pl\/pl\/wp-json\/wp\/v2\/tags?post=21"}],"curies":[{"name":"wp","href":"https:\/\/api.w.org\/{rel}","templated":true}]}}