{"id":23,"date":"2013-12-28T12:56:26","date_gmt":"2013-12-28T11:56:26","guid":{"rendered":"http:\/\/pbe.uw.edu.pl\/?p=23"},"modified":"2018-09-26T23:42:32","modified_gmt":"2018-09-26T21:42:32","slug":"ii-polish-conference-on-eyetracking-warsaw-2013","status":"publish","type":"post","link":"http:\/\/pbe.uw.edu.pl\/pl\/2013\/12\/28\/ii-polish-conference-on-eyetracking-warsaw-2013\/","title":{"rendered":"II Polska Konferencja Eyetrackingowa (Warszawa 2013)"},"content":{"rendered":"<p style=\"text-align: center\"><img loading=\"lazy\" decoding=\"async\" class=\"alignnone wp-image-232\" src=\"http:\/\/pbe.uw.edu.pl\/wp-content\/uploads\/sites\/336\/2013\/12\/II-polish-conference-300x117.jpeg\" alt=\"\" width=\"438\" height=\"171\" srcset=\"http:\/\/pbe.strony.uw.edu.pl\/wp-content\/uploads\/sites\/336\/2013\/12\/II-polish-conference-300x117.jpeg 300w, http:\/\/pbe.strony.uw.edu.pl\/wp-content\/uploads\/sites\/336\/2013\/12\/II-polish-conference.jpeg 425w\" sizes=\"auto, (max-width: 438px) 100vw, 438px\" \/><\/p>\n<p style=\"text-align: center\"><strong>II Polska Konferencja Eyetrackingowa \u201eEyetracking \u2013 teoria, praktyka, zastososowanie&#8221;<\/strong><\/p>\n<p style=\"text-align: justify\">28 i 29 listopada 2013 na Uniwersytecie Warszawskim odby\u0142a si\u0119 <strong>II Polska Konferencja Eyetrackingowa<\/strong>. Organizatorami wydarzenia by\u0142 Instytut Kulturologii i Lingwistyki Antropocentrycznej UW i firma Neuro Device Group.<\/p>\n<p id=\"aui_3_2_0_1948\" style=\"text-align: justify\"><span id=\"aui_3_2_0_1988\">Konferencja zgromadzi\u0142a ponad 120 uczestnik\u00f3w, zar\u00f3wno teoretyk\u00f3w, jak i praktyk\u00f3w z dziedziny bada\u0144 okulograficznych. Podczas dw\u00f3ch dni wys\u0142uchano 18 prelegent\u00f3w zajmuj\u0105cych si\u0119 m.in. okulograficznymi badaniami lingwistycznymi, psychologicznymi, a tak\u017ce percepcj\u0105 sztuki, tworzeniem audiodeskrypcji i napis\u00f3w do film\u00f3w, jak i percepcj\u0105 stron internetowych, edukacj\u0105 multimedialn\u0105, identyfikacj\u0105 biometryczn\u0105 oraz badaniami nad uwag\u0105 kierowc\u00f3w i kapitan\u00f3w statk\u00f3w. Tak zr\u00f3\u017cnicowana tematyka konferencji i szerokie spektrum odbiorc\u00f3w jest odpowiedzi\u0105 na coraz wyra\u017aniej akcentowan\u0105 potrzeb\u0119 konsolidacji krajowych \u015brodowisk naukowych zajmuj\u0105cych si\u0119 okulografi\u0105 i wymian\u0105 do\u015bwiadcze\u0144 mi\u0119dzy nimi. Mimo ponad 100-letniej historii bada\u0144 okulograficznych, w Polsce eyetracking jest metod\u0105 ma\u0142o rozpowszechnion\u0105 w por\u00f3wnaniu z trendami \u015bwiatowymi.<\/span><\/p>\n<p style=\"text-align: center\">Galeria zdj\u0119\u0107:<\/p>\n\n\t\t<style>\n\t\t\t#gallery-2 {\n\t\t\t\tmargin: auto;\n\t\t\t}\n\t\t\t#gallery-2 .gallery-item {\n\t\t\t\tfloat: left;\n\t\t\t\tmargin-top: 10px;\n\t\t\t\ttext-align: center;\n\t\t\t\twidth: 33%;\n\t\t\t}\n\t\t\t#gallery-2 img {\n\t\t\t\tborder: 2px solid #cfcfcf;\n\t\t\t}\n\t\t\t#gallery-2 .gallery-caption {\n\t\t\t\tmargin-left: 0;\n\t\t\t}\n\t\t\t\/* see gallery_shortcode() in wp-includes\/media.php *\/\n\t\t<\/style>\n\t\t<div id='gallery-2' class='gallery galleryid-23 gallery-columns-3 gallery-size-thumbnail'><dl class='gallery-item'>\n\t\t\t<dt class='gallery-icon landscape'>\n\t\t\t\t<a href='http:\/\/pbe.strony.uw.edu.pl\/wp-content\/uploads\/sites\/336\/2013\/12\/II-Polish-Conference-01.jpeg'><img loading=\"lazy\" decoding=\"async\" width=\"150\" height=\"150\" src=\"http:\/\/pbe.strony.uw.edu.pl\/wp-content\/uploads\/sites\/336\/2013\/12\/II-Polish-Conference-01-150x150.jpeg\" class=\"attachment-thumbnail size-thumbnail\" alt=\"\" \/><\/a>\n\t\t\t<\/dt><\/dl><dl class='gallery-item'>\n\t\t\t<dt class='gallery-icon landscape'>\n\t\t\t\t<a href='http:\/\/pbe.strony.uw.edu.pl\/wp-content\/uploads\/sites\/336\/2013\/12\/II-Polish-Conference-02.jpeg'><img loading=\"lazy\" decoding=\"async\" width=\"150\" height=\"150\" src=\"http:\/\/pbe.strony.uw.edu.pl\/wp-content\/uploads\/sites\/336\/2013\/12\/II-Polish-Conference-02-150x150.jpeg\" class=\"attachment-thumbnail size-thumbnail\" alt=\"\" \/><\/a>\n\t\t\t<\/dt><\/dl><dl class='gallery-item'>\n\t\t\t<dt class='gallery-icon portrait'>\n\t\t\t\t<a href='http:\/\/pbe.strony.uw.edu.pl\/wp-content\/uploads\/sites\/336\/2013\/12\/II-Polish-Conference-03.jpeg'><img loading=\"lazy\" decoding=\"async\" width=\"150\" height=\"150\" src=\"http:\/\/pbe.strony.uw.edu.pl\/wp-content\/uploads\/sites\/336\/2013\/12\/II-Polish-Conference-03-150x150.jpeg\" class=\"attachment-thumbnail size-thumbnail\" alt=\"\" \/><\/a>\n\t\t\t<\/dt><\/dl><br style=\"clear: both\" \/><dl class='gallery-item'>\n\t\t\t<dt class='gallery-icon portrait'>\n\t\t\t\t<a href='http:\/\/pbe.strony.uw.edu.pl\/wp-content\/uploads\/sites\/336\/2013\/12\/II-Polish-Conference-04.jpeg'><img loading=\"lazy\" decoding=\"async\" width=\"150\" height=\"150\" src=\"http:\/\/pbe.strony.uw.edu.pl\/wp-content\/uploads\/sites\/336\/2013\/12\/II-Polish-Conference-04-150x150.jpeg\" class=\"attachment-thumbnail size-thumbnail\" alt=\"\" \/><\/a>\n\t\t\t<\/dt><\/dl><dl class='gallery-item'>\n\t\t\t<dt class='gallery-icon landscape'>\n\t\t\t\t<a href='http:\/\/pbe.strony.uw.edu.pl\/wp-content\/uploads\/sites\/336\/2013\/12\/II-Polish-Conference-05.jpeg'><img loading=\"lazy\" decoding=\"async\" width=\"150\" height=\"150\" src=\"http:\/\/pbe.strony.uw.edu.pl\/wp-content\/uploads\/sites\/336\/2013\/12\/II-Polish-Conference-05-150x150.jpeg\" class=\"attachment-thumbnail size-thumbnail\" alt=\"\" \/><\/a>\n\t\t\t<\/dt><\/dl><dl class='gallery-item'>\n\t\t\t<dt class='gallery-icon landscape'>\n\t\t\t\t<a href='http:\/\/pbe.strony.uw.edu.pl\/wp-content\/uploads\/sites\/336\/2013\/12\/II-Polish-Conference-06.jpeg'><img loading=\"lazy\" decoding=\"async\" width=\"150\" height=\"150\" src=\"http:\/\/pbe.strony.uw.edu.pl\/wp-content\/uploads\/sites\/336\/2013\/12\/II-Polish-Conference-06-150x150.jpeg\" class=\"attachment-thumbnail size-thumbnail\" alt=\"\" \/><\/a>\n\t\t\t<\/dt><\/dl><br style=\"clear: both\" \/><dl class='gallery-item'>\n\t\t\t<dt class='gallery-icon landscape'>\n\t\t\t\t<a href='http:\/\/pbe.strony.uw.edu.pl\/wp-content\/uploads\/sites\/336\/2013\/12\/II-Polish-Conference-07.jpeg'><img loading=\"lazy\" decoding=\"async\" width=\"150\" height=\"150\" src=\"http:\/\/pbe.strony.uw.edu.pl\/wp-content\/uploads\/sites\/336\/2013\/12\/II-Polish-Conference-07-150x150.jpeg\" class=\"attachment-thumbnail size-thumbnail\" alt=\"\" \/><\/a>\n\t\t\t<\/dt><\/dl>\n\t\t\t<br style='clear: both' \/>\n\t\t<\/div>","protected":false},"excerpt":{"rendered":"<p>II Polska Konferencja Eyetrackingowa \u201eEyetracking \u2013 teoria, praktyka, zastososowanie&#8221; 28 i 29 listopada 2013 na Uniwersytecie Warszawskim odby\u0142a si\u0119 II Polska Konferencja Eyetrackingowa. Organizatorami wydarzenia by\u0142 Instytut Kulturologii i Lingwistyki Antropocentrycznej UW i firma Neuro Device Group. Konferencja zgromadzi\u0142a ponad 120 uczestnik\u00f3w, zar\u00f3wno teoretyk\u00f3w, jak i praktyk\u00f3w z dziedziny bada\u0144 okulograficznych. Podczas dw\u00f3ch dni wys\u0142uchano\u2026 <span class=\"read-more\"><a href=\"http:\/\/pbe.uw.edu.pl\/pl\/2013\/12\/28\/ii-polish-conference-on-eyetracking-warsaw-2013\/\">Read More: II Polska Konferencja Eyetrackingowa (Warszawa 2013) &raquo;<\/a><\/span><\/p>\n","protected":false},"author":872,"featured_media":0,"comment_status":"closed","ping_status":"open","sticky":false,"template":"","format":"standard","meta":{"footnotes":"","_links_to":"","_links_to_target":""},"categories":[2],"tags":[],"class_list":["post-23","post","type-post","status-publish","format-standard","hentry","category-events"],"acf":[],"_links":{"self":[{"href":"http:\/\/pbe.uw.edu.pl\/pl\/wp-json\/wp\/v2\/posts\/23","targetHints":{"allow":["GET"]}}],"collection":[{"href":"http:\/\/pbe.uw.edu.pl\/pl\/wp-json\/wp\/v2\/posts"}],"about":[{"href":"http:\/\/pbe.uw.edu.pl\/pl\/wp-json\/wp\/v2\/types\/post"}],"author":[{"embeddable":true,"href":"http:\/\/pbe.uw.edu.pl\/pl\/wp-json\/wp\/v2\/users\/872"}],"replies":[{"embeddable":true,"href":"http:\/\/pbe.uw.edu.pl\/pl\/wp-json\/wp\/v2\/comments?post=23"}],"version-history":[{"count":4,"href":"http:\/\/pbe.uw.edu.pl\/pl\/wp-json\/wp\/v2\/posts\/23\/revisions"}],"predecessor-version":[{"id":407,"href":"http:\/\/pbe.uw.edu.pl\/pl\/wp-json\/wp\/v2\/posts\/23\/revisions\/407"}],"wp:attachment":[{"href":"http:\/\/pbe.uw.edu.pl\/pl\/wp-json\/wp\/v2\/media?parent=23"}],"wp:term":[{"taxonomy":"category","embeddable":true,"href":"http:\/\/pbe.uw.edu.pl\/pl\/wp-json\/wp\/v2\/categories?post=23"},{"taxonomy":"post_tag","embeddable":true,"href":"http:\/\/pbe.uw.edu.pl\/pl\/wp-json\/wp\/v2\/tags?post=23"}],"curies":[{"name":"wp","href":"https:\/\/api.w.org\/{rel}","templated":true}]}}