{"id":25,"date":"2012-12-30T13:04:08","date_gmt":"2012-12-30T12:04:08","guid":{"rendered":"http:\/\/pbe.uw.edu.pl\/?p=25"},"modified":"2018-09-27T03:11:27","modified_gmt":"2018-09-27T01:11:27","slug":"i-polish-conference-on-eyetracking-lublin-2012","status":"publish","type":"post","link":"http:\/\/pbe.uw.edu.pl\/pl\/2012\/12\/30\/i-polish-conference-on-eyetracking-lublin-2012\/","title":{"rendered":"I Polska Konferencja Eyetrackingowa (Lublin 2012)"},"content":{"rendered":"<p style=\"text-align: center\"><strong>I Polska Konferencja Eyetrackingowa <\/strong><\/p>\n<p style=\"text-align: justify\">30 listopada 2012 na Katolickim Uniwersytecie Lubelskim odby\u0142a si\u0119 I Polska Konferencja Eyetrackingowa pt. <em>Eyetracking w badaniach spo\u0142ecznychi \u00a0humanistycznych. Teoria \u2013 metoda \u2013 aplikacja<\/em>. Zorganizowa\u0142a j\u0105\u00a0 <strong>Katedra Psychologii Eksperymentalnej KUL<\/strong>\u00a0wraz z firmami <a href=\"http:\/\/www.neurodevice.pl\/pl\/\">Neuro Device<\/a> i <a href=\"http:\/\/www.smivision.com\/\">SensoMotoric Instruments<\/a><strong>.<\/strong>\u00a0 <a href=\"http:\/\/www.lelo.uw.edu.pl\/documents\/7269752\/7809114\/PROGRAM+konferencji.pdf\" target=\"_blank\" rel=\"noopener\">[zobacz program]<\/a><\/p>\n<p style=\"text-align: justify\">Program jednodniowej Konferencji zosta\u0142 podzielony na cztery sesje o charakterze teoretyczno-poznawczym i aplikatywnym. W cz\u0119\u015bci, w kt\u00f3rej prelegenci prezentowali wyniki swoich bada\u0144,\u00a0 mo\u017cna by\u0142o dowiedzie\u0107 si\u0119 wiele o zastosowaniach eye-trackingu w badaniach dotycz\u0105cych fobii spo\u0142ecznych, wyobra\u017ani, jak i w badaniach nad pami\u0119ci\u0105 robocz\u0105. Zaprezentowane zosta\u0142y te\u017c wyniki bada\u0144 nad percepcj\u0105 napis\u00f3w do program\u00f3w audiowizualnych dla os\u00f3b nies\u0142ysz\u0105cych, przedstawiono ciekawe rezultaty eksperymentu naukowego dotycz\u0105cego prowadzenia pojazd\u00f3w, wykorzystania eye-trackingu i face-trackingu jako narz\u0119dzia weryfikacji skuteczno\u015bci bod\u017ac\u00f3w marketingowych. Pokazano r\u00f3wnie\u017c, jak mog\u0105 wp\u0142yn\u0105\u0107 eye-trackingowe badania mobilne na skuteczno\u015b\u0107 strategii reklamowych firm oraz jak zmienia odbi\u00f3r sztuki audiodeskrypcja. Podczas ostatniej, warsztatowej cz\u0119\u015bci Konferencji mo\u017cna by\u0142o obejrze\u0107 <a href=\"http:\/\/www.kul.pl\/laboratorium-hd,12774.html\">Laboratorium Psycho-Neuro-Fizjologiczne i Studio High Definition KUL<\/a>, zapozna\u0107 si\u0119 ze wszystkimi rodzajami eyetracker\u00f3w firmy SensoMotoric Instruments oraz porozmawia\u0107 z pracownikami SMI i Neuro Device.<\/p>\n<p style=\"text-align: justify\">Konferencja by\u0142a okazj\u0105 nie tylko do zapoznania si\u0119 z ostatnimi\u00a0 najciekawszymi zastosowaniami analiz eye-trackingowych w r\u00f3\u017cnych dziedzinach nauki, ale r\u00f3wnie\u017c okazj\u0105 do spotkania si\u0119 os\u00f3b, kt\u00f3re zajmuj\u0105 sie zawodowo (w firmach i na wydzia\u0142ach uniwersyteckich) tego typu badaniami i wymiany do\u015bwiadcze\u0144. Nasz Zesp\u00f3\u0142 w pe\u0142nym sk\u0142adzie r\u00f3wnie\u017c wzi\u0105\u0142 udzia\u0142 w konferencji oraz aktywnie uczestniczy\u0142 w dyskusjach.<\/p>\n<p style=\"text-align: center\"><span style=\"color: #000080\">Galeria zdj\u0119\u0107:<\/span><\/p>\n\n\t\t<style>\n\t\t\t#gallery-2 {\n\t\t\t\tmargin: auto;\n\t\t\t}\n\t\t\t#gallery-2 .gallery-item {\n\t\t\t\tfloat: left;\n\t\t\t\tmargin-top: 10px;\n\t\t\t\ttext-align: center;\n\t\t\t\twidth: 33%;\n\t\t\t}\n\t\t\t#gallery-2 img {\n\t\t\t\tborder: 2px solid #cfcfcf;\n\t\t\t}\n\t\t\t#gallery-2 .gallery-caption {\n\t\t\t\tmargin-left: 0;\n\t\t\t}\n\t\t\t\/* see gallery_shortcode() in wp-includes\/media.php *\/\n\t\t<\/style>\n\t\t<div id='gallery-2' class='gallery galleryid-25 gallery-columns-3 gallery-size-thumbnail'><dl class='gallery-item'>\n\t\t\t<dt class='gallery-icon landscape'>\n\t\t\t\t<a href='http:\/\/pbe.strony.uw.edu.pl\/wp-content\/uploads\/sites\/336\/2012\/12\/I-Polish-Conference-01.jpeg'><img loading=\"lazy\" decoding=\"async\" width=\"150\" height=\"150\" src=\"http:\/\/pbe.strony.uw.edu.pl\/wp-content\/uploads\/sites\/336\/2012\/12\/I-Polish-Conference-01-150x150.jpeg\" class=\"attachment-thumbnail size-thumbnail\" alt=\"\" \/><\/a>\n\t\t\t<\/dt><\/dl><dl class='gallery-item'>\n\t\t\t<dt class='gallery-icon landscape'>\n\t\t\t\t<a href='http:\/\/pbe.strony.uw.edu.pl\/wp-content\/uploads\/sites\/336\/2012\/12\/I-Polish-Conference-02.jpeg'><img loading=\"lazy\" decoding=\"async\" width=\"150\" height=\"150\" src=\"http:\/\/pbe.strony.uw.edu.pl\/wp-content\/uploads\/sites\/336\/2012\/12\/I-Polish-Conference-02-150x150.jpeg\" class=\"attachment-thumbnail size-thumbnail\" alt=\"\" \/><\/a>\n\t\t\t<\/dt><\/dl><dl class='gallery-item'>\n\t\t\t<dt class='gallery-icon landscape'>\n\t\t\t\t<a href='http:\/\/pbe.strony.uw.edu.pl\/wp-content\/uploads\/sites\/336\/2012\/12\/I-Polish-Conference-03.jpeg'><img loading=\"lazy\" decoding=\"async\" width=\"150\" height=\"150\" src=\"http:\/\/pbe.strony.uw.edu.pl\/wp-content\/uploads\/sites\/336\/2012\/12\/I-Polish-Conference-03-150x150.jpeg\" class=\"attachment-thumbnail size-thumbnail\" alt=\"\" \/><\/a>\n\t\t\t<\/dt><\/dl><br style=\"clear: both\" \/><dl class='gallery-item'>\n\t\t\t<dt class='gallery-icon landscape'>\n\t\t\t\t<a href='http:\/\/pbe.strony.uw.edu.pl\/wp-content\/uploads\/sites\/336\/2012\/12\/I-Polish-Conference-04.jpeg'><img loading=\"lazy\" decoding=\"async\" width=\"150\" height=\"150\" src=\"http:\/\/pbe.strony.uw.edu.pl\/wp-content\/uploads\/sites\/336\/2012\/12\/I-Polish-Conference-04-150x150.jpeg\" class=\"attachment-thumbnail size-thumbnail\" alt=\"\" \/><\/a>\n\t\t\t<\/dt><\/dl><dl class='gallery-item'>\n\t\t\t<dt class='gallery-icon landscape'>\n\t\t\t\t<a href='http:\/\/pbe.strony.uw.edu.pl\/wp-content\/uploads\/sites\/336\/2012\/12\/I-Polish-Conference-05.jpeg'><img loading=\"lazy\" decoding=\"async\" width=\"150\" height=\"150\" src=\"http:\/\/pbe.strony.uw.edu.pl\/wp-content\/uploads\/sites\/336\/2012\/12\/I-Polish-Conference-05-150x150.jpeg\" class=\"attachment-thumbnail size-thumbnail\" alt=\"\" \/><\/a>\n\t\t\t<\/dt><\/dl>\n\t\t\t<br style='clear: both' \/>\n\t\t<\/div>\n\n<p style=\"text-align: left\">Pod tym adresem znajdziecie wi\u0119cej zdj\u0119\u0107: <a href=\"http:\/\/www.kul.pl\/30-listopada-2012,art_39433.html\" target=\"_blank\" rel=\"noopener\">http:\/\/www.kul.pl\/30-listopada-2012,art_39433.html<\/a><\/p>","protected":false},"excerpt":{"rendered":"<p>I Polska Konferencja Eyetrackingowa 30 listopada 2012 na Katolickim Uniwersytecie Lubelskim odby\u0142a si\u0119 I Polska Konferencja Eyetrackingowa pt. Eyetracking w badaniach spo\u0142ecznychi \u00a0humanistycznych. Teoria \u2013 metoda \u2013 aplikacja. Zorganizowa\u0142a j\u0105\u00a0 Katedra Psychologii Eksperymentalnej KUL\u00a0wraz z firmami Neuro Device i SensoMotoric Instruments.\u00a0 [zobacz program] Program jednodniowej Konferencji zosta\u0142 podzielony na cztery sesje o charakterze teoretyczno-poznawczym i\u2026 <span class=\"read-more\"><a href=\"http:\/\/pbe.uw.edu.pl\/pl\/2012\/12\/30\/i-polish-conference-on-eyetracking-lublin-2012\/\">Read More: I Polska Konferencja Eyetrackingowa (Lublin 2012) &raquo;<\/a><\/span><\/p>\n","protected":false},"author":872,"featured_media":0,"comment_status":"closed","ping_status":"open","sticky":false,"template":"","format":"standard","meta":{"footnotes":"","_links_to":"","_links_to_target":""},"categories":[2],"tags":[],"class_list":["post-25","post","type-post","status-publish","format-standard","hentry","category-events"],"acf":[],"_links":{"self":[{"href":"http:\/\/pbe.uw.edu.pl\/pl\/wp-json\/wp\/v2\/posts\/25","targetHints":{"allow":["GET"]}}],"collection":[{"href":"http:\/\/pbe.uw.edu.pl\/pl\/wp-json\/wp\/v2\/posts"}],"about":[{"href":"http:\/\/pbe.uw.edu.pl\/pl\/wp-json\/wp\/v2\/types\/post"}],"author":[{"embeddable":true,"href":"http:\/\/pbe.uw.edu.pl\/pl\/wp-json\/wp\/v2\/users\/872"}],"replies":[{"embeddable":true,"href":"http:\/\/pbe.uw.edu.pl\/pl\/wp-json\/wp\/v2\/comments?post=25"}],"version-history":[{"count":6,"href":"http:\/\/pbe.uw.edu.pl\/pl\/wp-json\/wp\/v2\/posts\/25\/revisions"}],"predecessor-version":[{"id":433,"href":"http:\/\/pbe.uw.edu.pl\/pl\/wp-json\/wp\/v2\/posts\/25\/revisions\/433"}],"wp:attachment":[{"href":"http:\/\/pbe.uw.edu.pl\/pl\/wp-json\/wp\/v2\/media?parent=25"}],"wp:term":[{"taxonomy":"category","embeddable":true,"href":"http:\/\/pbe.uw.edu.pl\/pl\/wp-json\/wp\/v2\/categories?post=25"},{"taxonomy":"post_tag","embeddable":true,"href":"http:\/\/pbe.uw.edu.pl\/pl\/wp-json\/wp\/v2\/tags?post=25"}],"curies":[{"name":"wp","href":"https:\/\/api.w.org\/{rel}","templated":true}]}}